{"id":16744,"date":"2025-12-10T11:15:25","date_gmt":"2025-12-10T10:15:25","guid":{"rendered":"https:\/\/www.grupo-dc.com\/wp\/?p=16744"},"modified":"2025-12-10T11:26:03","modified_gmt":"2025-12-10T10:26:03","slug":"dicar-y-oquendo-patrocinadores-san-silvestre-llanera","status":"publish","type":"post","link":"https:\/\/www.grupo-dc.com\/wp\/2025\/12\/dicar-y-oquendo-patrocinadores-san-silvestre-llanera\/","title":{"rendered":"DICAR y Caf\u00e9s Oquendo, patrocinadores de la XXXII San Silvestre de Llanera"},"content":{"rendered":"\t\t<div data-elementor-type=\"wp-post\" data-elementor-id=\"16744\" class=\"elementor elementor-16744\" data-elementor-settings=\"[]\">\n\t\t\t\t\t\t\t<div class=\"elementor-section-wrap\">\n\t\t\t\t\t\t\t<section class=\"elementor-section elementor-top-section elementor-element elementor-element-38464b8f elementor-section-boxed elementor-section-height-default elementor-section-height-default\" data-id=\"38464b8f\" data-element_type=\"section\">\n\t\t\t\t\t\t<div class=\"elementor-container elementor-column-gap-default\">\n\t\t\t\t\t<div class=\"elementor-column elementor-col-100 elementor-top-column elementor-element elementor-element-4b611b52\" data-id=\"4b611b52\" data-element_type=\"column\">\n\t\t\t<div class=\"elementor-widget-wrap elementor-element-populated\">\n\t\t\t\t\t\t\t\t<div class=\"elementor-element elementor-element-451ccaed elementor-widget elementor-widget-text-editor\" data-id=\"451ccaed\" data-element_type=\"widget\" data-widget_type=\"text-editor.default\">\n\t\t\t\t<div class=\"elementor-widget-container\">\n\t\t\t\t\t\t\t\t<p><span id=\"input-sentence~0\">La tradicional San Silvestre de Llanera celebrar\u00e1 el pr\u00f3ximo 31 de diciembre su XXXII edici\u00f3n con el respaldo, un a\u00f1o m\u00e1s, de DICAR y Caf\u00e9s Oquendo como patrocinadores de una de las pruebas deportivas m\u00e1s emblem\u00e1ticas del concejo. La carrera fue presentada en un acto institucional en el que participaron representantes del Ayuntamiento de Llanera, del Club Llanera Atletismo y del Grupo D\u00edaz Carbajosa.<\/span><\/p><p><span id=\"input-sentence~1\">Esta edici\u00f3n tendr\u00e1 un marcado car\u00e1cter solidario, ya que un euro de cada inscripci\u00f3n en la carrera absoluta se destinar\u00e1 a la Fundaci\u00f3n CRIS Contra el C\u00e1ncer, por deseo expreso de la familia de Josema Gonz\u00e1lez, joven fallecido este a\u00f1o. Un gesto que a\u00f1ade un importante componente emocional a una cita que cada Navidad moviliza a cientos de corredores y familias.<\/span><\/p><p><span id=\"input-sentence~2\">La prueba contar\u00e1 con tres modalidades: carreras para menores, carrera de madre\u00f1es y una carrera absoluta de 4 kil\u00f3metros, lo que permite la participaci\u00f3n de p\u00fablicos de todas las edades. Entre los premios destaca el Premio Especial Km 1 Caf\u00e9s Oquendo, que reconocer\u00e1 a los primeros corredores, tanto en categor\u00eda masculina como femenina, en pasar bajo el arco de la marca.<\/span><\/p><p><span id=\"input-sentence~3\">Desde DICAR y Caf\u00e9s Oquendo se vuelve a poner en valor el compromiso con el deporte popular y, especialmente, con aquellas iniciativas que combinan actividad f\u00edsica y solidaridad, reforzando el tejido social y el esp\u00edritu de colaboraci\u00f3n que caracteriza a Llanera.<\/span><\/p>\t\t\t\t\t\t<\/div>\n\t\t\t\t<\/div>\n\t\t\t\t\t<\/div>\n\t\t<\/div>\n\t\t\t\t\t\t\t<\/div>\n\t\t<\/section>\n\t\t\t\t<section class=\"elementor-section elementor-top-section elementor-element elementor-element-5690d67 elementor-section-boxed elementor-section-height-default elementor-section-height-default\" data-id=\"5690d67\" data-element_type=\"section\">\n\t\t\t\t\t\t<div class=\"elementor-container elementor-column-gap-default\">\n\t\t\t\t\t<div class=\"elementor-column elementor-col-100 elementor-top-column elementor-element elementor-element-4f5a83f\" data-id=\"4f5a83f\" data-element_type=\"column\">\n\t\t\t<div class=\"elementor-widget-wrap elementor-element-populated\">\n\t\t\t\t\t\t\t\t<div class=\"elementor-element elementor-element-4cd9ec4 elementor-widget elementor-widget-image\" data-id=\"4cd9ec4\" data-element_type=\"widget\" data-widget_type=\"image.default\">\n\t\t\t\t<div class=\"elementor-widget-container\">\n\t\t\t\t\t\t\t\t\t\t\t\t\t\t\t<img loading=\"lazy\" decoding=\"async\" width=\"800\" height=\"448\" src=\"https:\/\/www.grupo-dc.com\/wp\/wp-content\/uploads\/2025\/12\/un-corredor-corriendo-en-una-carrera-con-el-numero-de-bib-en-el-1024x574.jpg\" class=\"attachment-large size-large\" alt=\"\" srcset=\"https:\/\/www.grupo-dc.com\/wp\/wp-content\/uploads\/2025\/12\/un-corredor-corriendo-en-una-carrera-con-el-numero-de-bib-en-el-1024x574.jpg 1024w, https:\/\/www.grupo-dc.com\/wp\/wp-content\/uploads\/2025\/12\/un-corredor-corriendo-en-una-carrera-con-el-numero-de-bib-en-el-300x168.jpg 300w, https:\/\/www.grupo-dc.com\/wp\/wp-content\/uploads\/2025\/12\/un-corredor-corriendo-en-una-carrera-con-el-numero-de-bib-en-el-768x430.jpg 768w, https:\/\/www.grupo-dc.com\/wp\/wp-content\/uploads\/2025\/12\/un-corredor-corriendo-en-una-carrera-con-el-numero-de-bib-en-el-1536x861.jpg 1536w, https:\/\/www.grupo-dc.com\/wp\/wp-content\/uploads\/2025\/12\/un-corredor-corriendo-en-una-carrera-con-el-numero-de-bib-en-el-2048x1148.jpg 2048w\" sizes=\"auto, (max-width: 800px) 100vw, 800px\" \/>\t\t\t\t\t\t\t\t\t\t\t\t\t\t\t<\/div>\n\t\t\t\t<\/div>\n\t\t\t\t\t<\/div>\n\t\t<\/div>\n\t\t\t\t\t\t\t<\/div>\n\t\t<\/section>\n\t\t\t\t\t\t<\/div>\n\t\t\t\t\t<\/div>\n\t\t","protected":false},"excerpt":{"rendered":"<p>La tradicional San Silvestre de Llanera celebrar\u00e1 el pr\u00f3ximo 31 de diciembre su XXXII edici\u00f3n con el respaldo, un a\u00f1o m\u00e1s, de DICAR y Caf\u00e9s Oquendo como patrocinadores de una de las pruebas deportivas m\u00e1s emblem\u00e1ticas del concejo. La carrera fue presentada en un acto institucional en el que participaron representantes del Ayuntamiento de Llanera, del Club Llanera Atletismo y del Grupo D\u00edaz Carbajosa.<\/p>\n","protected":false},"author":1,"featured_media":16758,"comment_status":"closed","ping_status":"open","sticky":false,"template":"","format":"standard","meta":{"footnotes":""},"categories":[42,5],"tags":[156,126,553,270,89,360,57,554,61,51,52,266],"class_list":["post-16744","post","type-post","status-publish","format-standard","has-post-thumbnail","hentry","category-grupo-dc","category-noticias","tag-atletismo","tag-cafesoquendo","tag-carrera-san-silvestre","tag-dicar","tag-grupo-dc","tag-grupo-diaz-carbajosa","tag-llanera","tag-navidad","tag-oquendo","tag-responsabilidad-social","tag-rsc","tag-san-silvestre"],"yoast_head":"<!-- This site is optimized with the Yoast SEO plugin v27.4 - https:\/\/yoast.com\/product\/yoast-seo-wordpress\/ -->\n<title>DICAR y Caf\u00e9s Oquendo, patrocinadores de la XXXII San Silvestre de Llanera | Grupo DC<\/title>\n<meta name=\"description\" content=\"La XXXII edici\u00f3n de la San Silvestre de Llanera cuenta un a\u00f1o m\u00e1s con el apoyo, como patrocinadores principales, de Caf\u00e9s Oquendo y DICAR.\" \/>\n<meta name=\"robots\" content=\"index, follow, max-snippet:-1, max-image-preview:large, max-video-preview:-1\" \/>\n<link rel=\"canonical\" href=\"https:\/\/www.grupo-dc.com\/wp\/2025\/12\/dicar-y-oquendo-patrocinadores-san-silvestre-llanera\/\" \/>\n<meta property=\"og:locale\" content=\"es_ES\" \/>\n<meta property=\"og:type\" content=\"article\" \/>\n<meta property=\"og:title\" content=\"DICAR y Caf\u00e9s Oquendo, patrocinadores de la XXXII San Silvestre de Llanera | Grupo DC\" \/>\n<meta property=\"og:description\" content=\"La XXXII edici\u00f3n de la San Silvestre de Llanera cuenta un a\u00f1o m\u00e1s con el apoyo, como patrocinadores principales, de Caf\u00e9s Oquendo y DICAR.\" \/>\n<meta property=\"og:url\" content=\"https:\/\/www.grupo-dc.com\/wp\/2025\/12\/dicar-y-oquendo-patrocinadores-san-silvestre-llanera\/\" \/>\n<meta property=\"og:site_name\" content=\"Grupo DC\" \/>\n<meta property=\"article:published_time\" content=\"2025-12-10T10:15:25+00:00\" \/>\n<meta property=\"article:modified_time\" content=\"2025-12-10T10:26:03+00:00\" \/>\n<meta property=\"og:image\" content=\"https:\/\/www.grupo-dc.com\/wp\/wp-content\/uploads\/2025\/12\/2-scaled.jpg\" \/>\n\t<meta property=\"og:image:width\" content=\"2560\" \/>\n\t<meta property=\"og:image:height\" content=\"1400\" \/>\n\t<meta property=\"og:image:type\" content=\"image\/jpeg\" \/>\n<meta name=\"author\" content=\"admin\" \/>\n<meta name=\"twitter:card\" content=\"summary_large_image\" \/>\n<meta name=\"twitter:label1\" content=\"Escrito por\" \/>\n\t<meta name=\"twitter:data1\" content=\"admin\" \/>\n\t<meta name=\"twitter:label2\" content=\"Tiempo de lectura\" \/>\n\t<meta name=\"twitter:data2\" content=\"2 minutos\" \/>\n<script type=\"application\/ld+json\" class=\"yoast-schema-graph\">{\"@context\":\"https:\\\/\\\/schema.org\",\"@graph\":[{\"@type\":\"Article\",\"@id\":\"https:\\\/\\\/www.grupo-dc.com\\\/wp\\\/2025\\\/12\\\/dicar-y-oquendo-patrocinadores-san-silvestre-llanera\\\/#article\",\"isPartOf\":{\"@id\":\"https:\\\/\\\/www.grupo-dc.com\\\/wp\\\/2025\\\/12\\\/dicar-y-oquendo-patrocinadores-san-silvestre-llanera\\\/\"},\"author\":{\"name\":\"admin\",\"@id\":\"https:\\\/\\\/www.grupo-dc.com\\\/wp\\\/#\\\/schema\\\/person\\\/13b0410148d93ff61bf481be701cd43c\"},\"headline\":\"DICAR y Caf\u00e9s Oquendo, patrocinadores de la XXXII San Silvestre de Llanera\",\"datePublished\":\"2025-12-10T10:15:25+00:00\",\"dateModified\":\"2025-12-10T10:26:03+00:00\",\"mainEntityOfPage\":{\"@id\":\"https:\\\/\\\/www.grupo-dc.com\\\/wp\\\/2025\\\/12\\\/dicar-y-oquendo-patrocinadores-san-silvestre-llanera\\\/\"},\"wordCount\":263,\"publisher\":{\"@id\":\"https:\\\/\\\/www.grupo-dc.com\\\/wp\\\/#organization\"},\"image\":{\"@id\":\"https:\\\/\\\/www.grupo-dc.com\\\/wp\\\/2025\\\/12\\\/dicar-y-oquendo-patrocinadores-san-silvestre-llanera\\\/#primaryimage\"},\"thumbnailUrl\":\"https:\\\/\\\/www.grupo-dc.com\\\/wp\\\/wp-content\\\/uploads\\\/2025\\\/12\\\/2-scaled.jpg\",\"keywords\":[\"atletismo\",\"cafesoquendo\",\"CARRERA SAN SILVESTRE\",\"dicar\",\"grupo dc\",\"grupo d\u00edaz carbajosa\",\"Llanera\",\"navidad\",\"oquendo\",\"responsabilidad social\",\"rsc\",\"san silvestre\"],\"articleSection\":[\"Grupo DC\",\"Noticias\"],\"inLanguage\":\"es\"},{\"@type\":\"WebPage\",\"@id\":\"https:\\\/\\\/www.grupo-dc.com\\\/wp\\\/2025\\\/12\\\/dicar-y-oquendo-patrocinadores-san-silvestre-llanera\\\/\",\"url\":\"https:\\\/\\\/www.grupo-dc.com\\\/wp\\\/2025\\\/12\\\/dicar-y-oquendo-patrocinadores-san-silvestre-llanera\\\/\",\"name\":\"DICAR y Caf\u00e9s Oquendo, patrocinadores de la XXXII San Silvestre de Llanera | Grupo DC\",\"isPartOf\":{\"@id\":\"https:\\\/\\\/www.grupo-dc.com\\\/wp\\\/#website\"},\"primaryImageOfPage\":{\"@id\":\"https:\\\/\\\/www.grupo-dc.com\\\/wp\\\/2025\\\/12\\\/dicar-y-oquendo-patrocinadores-san-silvestre-llanera\\\/#primaryimage\"},\"image\":{\"@id\":\"https:\\\/\\\/www.grupo-dc.com\\\/wp\\\/2025\\\/12\\\/dicar-y-oquendo-patrocinadores-san-silvestre-llanera\\\/#primaryimage\"},\"thumbnailUrl\":\"https:\\\/\\\/www.grupo-dc.com\\\/wp\\\/wp-content\\\/uploads\\\/2025\\\/12\\\/2-scaled.jpg\",\"datePublished\":\"2025-12-10T10:15:25+00:00\",\"dateModified\":\"2025-12-10T10:26:03+00:00\",\"description\":\"La XXXII edici\u00f3n de la San Silvestre de Llanera cuenta un a\u00f1o m\u00e1s con el apoyo, como patrocinadores principales, de Caf\u00e9s Oquendo y DICAR.\",\"breadcrumb\":{\"@id\":\"https:\\\/\\\/www.grupo-dc.com\\\/wp\\\/2025\\\/12\\\/dicar-y-oquendo-patrocinadores-san-silvestre-llanera\\\/#breadcrumb\"},\"inLanguage\":\"es\",\"potentialAction\":[{\"@type\":\"ReadAction\",\"target\":[\"https:\\\/\\\/www.grupo-dc.com\\\/wp\\\/2025\\\/12\\\/dicar-y-oquendo-patrocinadores-san-silvestre-llanera\\\/\"]}]},{\"@type\":\"ImageObject\",\"inLanguage\":\"es\",\"@id\":\"https:\\\/\\\/www.grupo-dc.com\\\/wp\\\/2025\\\/12\\\/dicar-y-oquendo-patrocinadores-san-silvestre-llanera\\\/#primaryimage\",\"url\":\"https:\\\/\\\/www.grupo-dc.com\\\/wp\\\/wp-content\\\/uploads\\\/2025\\\/12\\\/2-scaled.jpg\",\"contentUrl\":\"https:\\\/\\\/www.grupo-dc.com\\\/wp\\\/wp-content\\\/uploads\\\/2025\\\/12\\\/2-scaled.jpg\",\"width\":2560,\"height\":1400},{\"@type\":\"BreadcrumbList\",\"@id\":\"https:\\\/\\\/www.grupo-dc.com\\\/wp\\\/2025\\\/12\\\/dicar-y-oquendo-patrocinadores-san-silvestre-llanera\\\/#breadcrumb\",\"itemListElement\":[{\"@type\":\"ListItem\",\"position\":1,\"name\":\"Portada\",\"item\":\"https:\\\/\\\/www.grupo-dc.com\\\/wp\\\/\"},{\"@type\":\"ListItem\",\"position\":2,\"name\":\"DICAR y Caf\u00e9s Oquendo, patrocinadores de la XXXII San Silvestre de Llanera\"}]},{\"@type\":\"WebSite\",\"@id\":\"https:\\\/\\\/www.grupo-dc.com\\\/wp\\\/#website\",\"url\":\"https:\\\/\\\/www.grupo-dc.com\\\/wp\\\/\",\"name\":\"Grupo DC\",\"description\":\"Excelencia y competitividad\",\"publisher\":{\"@id\":\"https:\\\/\\\/www.grupo-dc.com\\\/wp\\\/#organization\"},\"potentialAction\":[{\"@type\":\"SearchAction\",\"target\":{\"@type\":\"EntryPoint\",\"urlTemplate\":\"https:\\\/\\\/www.grupo-dc.com\\\/wp\\\/?s={search_term_string}\"},\"query-input\":{\"@type\":\"PropertyValueSpecification\",\"valueRequired\":true,\"valueName\":\"search_term_string\"}}],\"inLanguage\":\"es\"},{\"@type\":\"Organization\",\"@id\":\"https:\\\/\\\/www.grupo-dc.com\\\/wp\\\/#organization\",\"name\":\"Grupo DC\",\"url\":\"https:\\\/\\\/www.grupo-dc.com\\\/wp\\\/\",\"logo\":{\"@type\":\"ImageObject\",\"inLanguage\":\"es\",\"@id\":\"https:\\\/\\\/www.grupo-dc.com\\\/wp\\\/#\\\/schema\\\/logo\\\/image\\\/\",\"url\":\"https:\\\/\\\/www.grupo-dc.com\\\/wp\\\/wp-content\\\/uploads\\\/2021\\\/05\\\/logo-grupo-dc-blanco.svg\",\"contentUrl\":\"https:\\\/\\\/www.grupo-dc.com\\\/wp\\\/wp-content\\\/uploads\\\/2021\\\/05\\\/logo-grupo-dc-blanco.svg\",\"width\":1,\"height\":1,\"caption\":\"Grupo DC\"},\"image\":{\"@id\":\"https:\\\/\\\/www.grupo-dc.com\\\/wp\\\/#\\\/schema\\\/logo\\\/image\\\/\"}},{\"@type\":\"Person\",\"@id\":\"https:\\\/\\\/www.grupo-dc.com\\\/wp\\\/#\\\/schema\\\/person\\\/13b0410148d93ff61bf481be701cd43c\",\"name\":\"admin\",\"image\":{\"@type\":\"ImageObject\",\"inLanguage\":\"es\",\"@id\":\"https:\\\/\\\/secure.gravatar.com\\\/avatar\\\/d749d075f9fdb701a3f5d54c9cc02e640248105b36f9df79e51ba1a76657ad46?s=96&d=mm&r=g\",\"url\":\"https:\\\/\\\/secure.gravatar.com\\\/avatar\\\/d749d075f9fdb701a3f5d54c9cc02e640248105b36f9df79e51ba1a76657ad46?s=96&d=mm&r=g\",\"contentUrl\":\"https:\\\/\\\/secure.gravatar.com\\\/avatar\\\/d749d075f9fdb701a3f5d54c9cc02e640248105b36f9df79e51ba1a76657ad46?s=96&d=mm&r=g\",\"caption\":\"admin\"},\"sameAs\":[\"https:\\\/\\\/www.grupo-dc.com\\\/wp\"],\"url\":\"https:\\\/\\\/www.grupo-dc.com\\\/wp\\\/author\\\/admin\\\/\"}]}<\/script>\n<!-- \/ Yoast SEO plugin. -->","yoast_head_json":{"title":"DICAR y Caf\u00e9s Oquendo, patrocinadores de la XXXII San Silvestre de Llanera | Grupo DC","description":"La XXXII edici\u00f3n de la San Silvestre de Llanera cuenta un a\u00f1o m\u00e1s con el apoyo, como patrocinadores principales, de Caf\u00e9s Oquendo y DICAR.","robots":{"index":"index","follow":"follow","max-snippet":"max-snippet:-1","max-image-preview":"max-image-preview:large","max-video-preview":"max-video-preview:-1"},"canonical":"https:\/\/www.grupo-dc.com\/wp\/2025\/12\/dicar-y-oquendo-patrocinadores-san-silvestre-llanera\/","og_locale":"es_ES","og_type":"article","og_title":"DICAR y Caf\u00e9s Oquendo, patrocinadores de la XXXII San Silvestre de Llanera | Grupo DC","og_description":"La XXXII edici\u00f3n de la San Silvestre de Llanera cuenta un a\u00f1o m\u00e1s con el apoyo, como patrocinadores principales, de Caf\u00e9s Oquendo y DICAR.","og_url":"https:\/\/www.grupo-dc.com\/wp\/2025\/12\/dicar-y-oquendo-patrocinadores-san-silvestre-llanera\/","og_site_name":"Grupo DC","article_published_time":"2025-12-10T10:15:25+00:00","article_modified_time":"2025-12-10T10:26:03+00:00","og_image":[{"width":2560,"height":1400,"url":"https:\/\/www.grupo-dc.com\/wp\/wp-content\/uploads\/2025\/12\/2-scaled.jpg","type":"image\/jpeg"}],"author":"admin","twitter_card":"summary_large_image","twitter_misc":{"Escrito por":"admin","Tiempo de lectura":"2 minutos"},"schema":{"@context":"https:\/\/schema.org","@graph":[{"@type":"Article","@id":"https:\/\/www.grupo-dc.com\/wp\/2025\/12\/dicar-y-oquendo-patrocinadores-san-silvestre-llanera\/#article","isPartOf":{"@id":"https:\/\/www.grupo-dc.com\/wp\/2025\/12\/dicar-y-oquendo-patrocinadores-san-silvestre-llanera\/"},"author":{"name":"admin","@id":"https:\/\/www.grupo-dc.com\/wp\/#\/schema\/person\/13b0410148d93ff61bf481be701cd43c"},"headline":"DICAR y Caf\u00e9s Oquendo, patrocinadores de la XXXII San Silvestre de Llanera","datePublished":"2025-12-10T10:15:25+00:00","dateModified":"2025-12-10T10:26:03+00:00","mainEntityOfPage":{"@id":"https:\/\/www.grupo-dc.com\/wp\/2025\/12\/dicar-y-oquendo-patrocinadores-san-silvestre-llanera\/"},"wordCount":263,"publisher":{"@id":"https:\/\/www.grupo-dc.com\/wp\/#organization"},"image":{"@id":"https:\/\/www.grupo-dc.com\/wp\/2025\/12\/dicar-y-oquendo-patrocinadores-san-silvestre-llanera\/#primaryimage"},"thumbnailUrl":"https:\/\/www.grupo-dc.com\/wp\/wp-content\/uploads\/2025\/12\/2-scaled.jpg","keywords":["atletismo","cafesoquendo","CARRERA SAN SILVESTRE","dicar","grupo dc","grupo d\u00edaz carbajosa","Llanera","navidad","oquendo","responsabilidad social","rsc","san silvestre"],"articleSection":["Grupo DC","Noticias"],"inLanguage":"es"},{"@type":"WebPage","@id":"https:\/\/www.grupo-dc.com\/wp\/2025\/12\/dicar-y-oquendo-patrocinadores-san-silvestre-llanera\/","url":"https:\/\/www.grupo-dc.com\/wp\/2025\/12\/dicar-y-oquendo-patrocinadores-san-silvestre-llanera\/","name":"DICAR y Caf\u00e9s Oquendo, patrocinadores de la XXXII San Silvestre de Llanera | Grupo DC","isPartOf":{"@id":"https:\/\/www.grupo-dc.com\/wp\/#website"},"primaryImageOfPage":{"@id":"https:\/\/www.grupo-dc.com\/wp\/2025\/12\/dicar-y-oquendo-patrocinadores-san-silvestre-llanera\/#primaryimage"},"image":{"@id":"https:\/\/www.grupo-dc.com\/wp\/2025\/12\/dicar-y-oquendo-patrocinadores-san-silvestre-llanera\/#primaryimage"},"thumbnailUrl":"https:\/\/www.grupo-dc.com\/wp\/wp-content\/uploads\/2025\/12\/2-scaled.jpg","datePublished":"2025-12-10T10:15:25+00:00","dateModified":"2025-12-10T10:26:03+00:00","description":"La XXXII edici\u00f3n de la San Silvestre de Llanera cuenta un a\u00f1o m\u00e1s con el apoyo, como patrocinadores principales, de Caf\u00e9s Oquendo y DICAR.","breadcrumb":{"@id":"https:\/\/www.grupo-dc.com\/wp\/2025\/12\/dicar-y-oquendo-patrocinadores-san-silvestre-llanera\/#breadcrumb"},"inLanguage":"es","potentialAction":[{"@type":"ReadAction","target":["https:\/\/www.grupo-dc.com\/wp\/2025\/12\/dicar-y-oquendo-patrocinadores-san-silvestre-llanera\/"]}]},{"@type":"ImageObject","inLanguage":"es","@id":"https:\/\/www.grupo-dc.com\/wp\/2025\/12\/dicar-y-oquendo-patrocinadores-san-silvestre-llanera\/#primaryimage","url":"https:\/\/www.grupo-dc.com\/wp\/wp-content\/uploads\/2025\/12\/2-scaled.jpg","contentUrl":"https:\/\/www.grupo-dc.com\/wp\/wp-content\/uploads\/2025\/12\/2-scaled.jpg","width":2560,"height":1400},{"@type":"BreadcrumbList","@id":"https:\/\/www.grupo-dc.com\/wp\/2025\/12\/dicar-y-oquendo-patrocinadores-san-silvestre-llanera\/#breadcrumb","itemListElement":[{"@type":"ListItem","position":1,"name":"Portada","item":"https:\/\/www.grupo-dc.com\/wp\/"},{"@type":"ListItem","position":2,"name":"DICAR y Caf\u00e9s Oquendo, patrocinadores de la XXXII San Silvestre de Llanera"}]},{"@type":"WebSite","@id":"https:\/\/www.grupo-dc.com\/wp\/#website","url":"https:\/\/www.grupo-dc.com\/wp\/","name":"Grupo DC","description":"Excelencia y competitividad","publisher":{"@id":"https:\/\/www.grupo-dc.com\/wp\/#organization"},"potentialAction":[{"@type":"SearchAction","target":{"@type":"EntryPoint","urlTemplate":"https:\/\/www.grupo-dc.com\/wp\/?s={search_term_string}"},"query-input":{"@type":"PropertyValueSpecification","valueRequired":true,"valueName":"search_term_string"}}],"inLanguage":"es"},{"@type":"Organization","@id":"https:\/\/www.grupo-dc.com\/wp\/#organization","name":"Grupo DC","url":"https:\/\/www.grupo-dc.com\/wp\/","logo":{"@type":"ImageObject","inLanguage":"es","@id":"https:\/\/www.grupo-dc.com\/wp\/#\/schema\/logo\/image\/","url":"https:\/\/www.grupo-dc.com\/wp\/wp-content\/uploads\/2021\/05\/logo-grupo-dc-blanco.svg","contentUrl":"https:\/\/www.grupo-dc.com\/wp\/wp-content\/uploads\/2021\/05\/logo-grupo-dc-blanco.svg","width":1,"height":1,"caption":"Grupo DC"},"image":{"@id":"https:\/\/www.grupo-dc.com\/wp\/#\/schema\/logo\/image\/"}},{"@type":"Person","@id":"https:\/\/www.grupo-dc.com\/wp\/#\/schema\/person\/13b0410148d93ff61bf481be701cd43c","name":"admin","image":{"@type":"ImageObject","inLanguage":"es","@id":"https:\/\/secure.gravatar.com\/avatar\/d749d075f9fdb701a3f5d54c9cc02e640248105b36f9df79e51ba1a76657ad46?s=96&d=mm&r=g","url":"https:\/\/secure.gravatar.com\/avatar\/d749d075f9fdb701a3f5d54c9cc02e640248105b36f9df79e51ba1a76657ad46?s=96&d=mm&r=g","contentUrl":"https:\/\/secure.gravatar.com\/avatar\/d749d075f9fdb701a3f5d54c9cc02e640248105b36f9df79e51ba1a76657ad46?s=96&d=mm&r=g","caption":"admin"},"sameAs":["https:\/\/www.grupo-dc.com\/wp"],"url":"https:\/\/www.grupo-dc.com\/wp\/author\/admin\/"}]}},"_links":{"self":[{"href":"https:\/\/www.grupo-dc.com\/wp\/wp-json\/wp\/v2\/posts\/16744","targetHints":{"allow":["GET"]}}],"collection":[{"href":"https:\/\/www.grupo-dc.com\/wp\/wp-json\/wp\/v2\/posts"}],"about":[{"href":"https:\/\/www.grupo-dc.com\/wp\/wp-json\/wp\/v2\/types\/post"}],"author":[{"embeddable":true,"href":"https:\/\/www.grupo-dc.com\/wp\/wp-json\/wp\/v2\/users\/1"}],"replies":[{"embeddable":true,"href":"https:\/\/www.grupo-dc.com\/wp\/wp-json\/wp\/v2\/comments?post=16744"}],"version-history":[{"count":15,"href":"https:\/\/www.grupo-dc.com\/wp\/wp-json\/wp\/v2\/posts\/16744\/revisions"}],"predecessor-version":[{"id":16765,"href":"https:\/\/www.grupo-dc.com\/wp\/wp-json\/wp\/v2\/posts\/16744\/revisions\/16765"}],"wp:featuredmedia":[{"embeddable":true,"href":"https:\/\/www.grupo-dc.com\/wp\/wp-json\/wp\/v2\/media\/16758"}],"wp:attachment":[{"href":"https:\/\/www.grupo-dc.com\/wp\/wp-json\/wp\/v2\/media?parent=16744"}],"wp:term":[{"taxonomy":"category","embeddable":true,"href":"https:\/\/www.grupo-dc.com\/wp\/wp-json\/wp\/v2\/categories?post=16744"},{"taxonomy":"post_tag","embeddable":true,"href":"https:\/\/www.grupo-dc.com\/wp\/wp-json\/wp\/v2\/tags?post=16744"}],"curies":[{"name":"wp","href":"https:\/\/api.w.org\/{rel}","templated":true}]}}