{"id":3724,"date":"2022-08-22T11:43:15","date_gmt":"2022-08-22T10:43:15","guid":{"rendered":"https:\/\/www.grupo-dc.com\/wp\/?p=3724"},"modified":"2022-08-22T11:50:33","modified_gmt":"2022-08-22T10:50:33","slug":"herdicasa-cierra-una-feria-de-record-fidma","status":"publish","type":"post","link":"https:\/\/www.grupo-dc.com\/wp\/2022\/08\/herdicasa-cierra-una-feria-de-record-fidma\/","title":{"rendered":"Herdicasa cierra una feria de r\u00e9cord"},"content":{"rendered":"\t\t<div data-elementor-type=\"wp-post\" data-elementor-id=\"3724\" class=\"elementor elementor-3724\" data-elementor-settings=\"[]\">\n\t\t\t\t\t\t\t<div class=\"elementor-section-wrap\">\n\t\t\t\t\t\t\t<section class=\"elementor-section elementor-top-section elementor-element elementor-element-38464b8f elementor-section-boxed elementor-section-height-default elementor-section-height-default\" data-id=\"38464b8f\" data-element_type=\"section\">\n\t\t\t\t\t\t<div class=\"elementor-container elementor-column-gap-default\">\n\t\t\t\t\t<div class=\"elementor-column elementor-col-100 elementor-top-column elementor-element elementor-element-4b611b52\" data-id=\"4b611b52\" data-element_type=\"column\">\n\t\t\t<div class=\"elementor-widget-wrap elementor-element-populated\">\n\t\t\t\t\t\t\t\t<div class=\"elementor-element elementor-element-451ccaed elementor-widget elementor-widget-text-editor\" data-id=\"451ccaed\" data-element_type=\"widget\" data-widget_type=\"text-editor.default\">\n\t\t\t\t<div class=\"elementor-widget-container\">\n\t\t\t\t\t\t\t\t<p><!-- wp:paragraph --><\/p>\n<figure class=\"wp-block-image size-large\">\n<div class=\"info_bloque_desc\">\n<p>Herdicasa cierra su stand en la 65\u00ba edici\u00f3n de la Feria Internacional de Muestras de Asturias reforzando su posici\u00f3n de referencia en el mercado de la distribuci\u00f3n, mantenimiento y reposici\u00f3n de m\u00e1quinas expendedoras. Su zona de exposici\u00f3n, dentro del Pabell\u00f3n de las Naciones, se alz\u00f3 durante los 16 d\u00edas del certamen como centro de la innovaci\u00f3n, tecnolog\u00eda y sostenibilidad del mundo del vending en un certamen que super\u00f3 los 740.000 visitantes.<\/p>\n<p>\u00a0<\/p>\n<p>Especial inter\u00e9s despertaron los \u00faltimos lanzamientos en vending, con modelos y marcas de referencia, as\u00ed como su tradicional zona de cafeter\u00eda, ideal para hacer un alto, reponer energ\u00edas y disfrutar de las diferentes promociones que Herdicasa ha puesto en marcha este verano para agradecer la fidelidad de los visitantes de Fidma. As\u00ed pues, Antonio Men\u00e9ndez volvi\u00f3 a casa con la fant\u00e1stica bicicleta el\u00e9ctrica que se sorteaba en el stand de la marca asturiana mientras Ardi, la mascota de Herdi, hizo las delicias de los m\u00e1s peque\u00f1os con un juego para concienciar sobre la necesidad de cuidar el medio ambiente.<\/p>\n<\/div>\n<\/figure>\n<p><!-- \/wp:image --><\/p>\t\t\t\t\t\t<\/div>\n\t\t\t\t<\/div>\n\t\t\t\t\t<\/div>\n\t\t<\/div>\n\t\t\t\t\t\t\t<\/div>\n\t\t<\/section>\n\t\t\t\t<section class=\"elementor-section elementor-top-section elementor-element elementor-element-2d909e3 elementor-section-boxed elementor-section-height-default elementor-section-height-default\" data-id=\"2d909e3\" data-element_type=\"section\">\n\t\t\t\t\t\t<div class=\"elementor-container elementor-column-gap-default\">\n\t\t\t\t\t<div class=\"elementor-column elementor-col-100 elementor-top-column elementor-element elementor-element-9db370b\" data-id=\"9db370b\" data-element_type=\"column\">\n\t\t\t<div class=\"elementor-widget-wrap elementor-element-populated\">\n\t\t\t\t\t\t\t\t<div class=\"elementor-element elementor-element-b194c40 elementor-widget elementor-widget-image\" data-id=\"b194c40\" data-element_type=\"widget\" data-widget_type=\"image.default\">\n\t\t\t\t<div class=\"elementor-widget-container\">\n\t\t\t\t\t\t\t\t\t\t\t\t\t\t\t<img loading=\"lazy\" decoding=\"async\" width=\"800\" height=\"600\" src=\"https:\/\/www.grupo-dc.com\/wp\/wp-content\/uploads\/2022\/08\/WhatsApp-Image-2022-08-22-at-11.24.11-AM-2.jpeg\" class=\"attachment-large size-large\" alt=\"\" srcset=\"https:\/\/www.grupo-dc.com\/wp\/wp-content\/uploads\/2022\/08\/WhatsApp-Image-2022-08-22-at-11.24.11-AM-2.jpeg 1024w, https:\/\/www.grupo-dc.com\/wp\/wp-content\/uploads\/2022\/08\/WhatsApp-Image-2022-08-22-at-11.24.11-AM-2-300x225.jpeg 300w, https:\/\/www.grupo-dc.com\/wp\/wp-content\/uploads\/2022\/08\/WhatsApp-Image-2022-08-22-at-11.24.11-AM-2-768x576.jpeg 768w\" sizes=\"auto, (max-width: 800px) 100vw, 800px\" \/>\t\t\t\t\t\t\t\t\t\t\t\t\t\t\t<\/div>\n\t\t\t\t<\/div>\n\t\t\t\t\t<\/div>\n\t\t<\/div>\n\t\t\t\t\t\t\t<\/div>\n\t\t<\/section>\n\t\t\t\t<section class=\"elementor-section elementor-top-section elementor-element elementor-element-6ab38dc elementor-section-boxed elementor-section-height-default elementor-section-height-default\" data-id=\"6ab38dc\" data-element_type=\"section\">\n\t\t\t\t\t\t<div class=\"elementor-container elementor-column-gap-default\">\n\t\t\t\t\t<div class=\"elementor-column elementor-col-100 elementor-top-column elementor-element elementor-element-56d7580\" data-id=\"56d7580\" data-element_type=\"column\">\n\t\t\t<div class=\"elementor-widget-wrap elementor-element-populated\">\n\t\t\t\t\t\t\t\t<div class=\"elementor-element elementor-element-af08f41 elementor-widget elementor-widget-image\" data-id=\"af08f41\" data-element_type=\"widget\" data-widget_type=\"image.default\">\n\t\t\t\t<div class=\"elementor-widget-container\">\n\t\t\t\t\t\t\t\t\t\t\t\t\t\t\t<img loading=\"lazy\" decoding=\"async\" width=\"800\" height=\"600\" src=\"https:\/\/www.grupo-dc.com\/wp\/wp-content\/uploads\/2022\/08\/WhatsApp-Image-2022-08-22-at-11.24.12-AM-3.jpeg\" class=\"attachment-large size-large\" alt=\"\" srcset=\"https:\/\/www.grupo-dc.com\/wp\/wp-content\/uploads\/2022\/08\/WhatsApp-Image-2022-08-22-at-11.24.12-AM-3.jpeg 1024w, https:\/\/www.grupo-dc.com\/wp\/wp-content\/uploads\/2022\/08\/WhatsApp-Image-2022-08-22-at-11.24.12-AM-3-300x225.jpeg 300w, https:\/\/www.grupo-dc.com\/wp\/wp-content\/uploads\/2022\/08\/WhatsApp-Image-2022-08-22-at-11.24.12-AM-3-768x576.jpeg 768w\" sizes=\"auto, (max-width: 800px) 100vw, 800px\" \/>\t\t\t\t\t\t\t\t\t\t\t\t\t\t\t<\/div>\n\t\t\t\t<\/div>\n\t\t\t\t\t<\/div>\n\t\t<\/div>\n\t\t\t\t\t\t\t<\/div>\n\t\t<\/section>\n\t\t\t\t\t\t<\/div>\n\t\t\t\t\t<\/div>\n\t\t","protected":false},"excerpt":{"rendered":"<p>Herdicasa cierra su stand en la 65\u00ba edici\u00f3n de la Feria Internacional de Muestras de Asturias reforzando su posici\u00f3n de referencia en el mercado de la distribuci\u00f3n, mantenimiento y reposici\u00f3n de m\u00e1quinas expendedoras.<\/p>\n","protected":false},"author":3,"featured_media":3729,"comment_status":"closed","ping_status":"open","sticky":false,"template":"","format":"standard","meta":{"footnotes":""},"categories":[6,5],"tags":[49,145,212,213,53,189,214,194,15],"class_list":["post-3724","post","type-post","status-publish","format-standard","has-post-thumbnail","hentry","category-herdicasa","category-noticias","tag-calidad","tag-expendedoras","tag-feria-asturias","tag-feria-de-muestras-de-asturias","tag-fidma","tag-herdicasa","tag-maquinas-expendedoras-2","tag-promociones","tag-vending"],"yoast_head":"<!-- This site is optimized with the Yoast SEO plugin v27.5 - https:\/\/yoast.com\/product\/yoast-seo-wordpress\/ -->\n<title>Herdicasa cierra una feria de r\u00e9cord | Grupo DC<\/title>\n<meta name=\"description\" content=\"Herdicasa cierra su stand en la 65\u00ba edici\u00f3n de la Feria Internacional de Muestras de Asturias reforzando su posici\u00f3n de referencia en el mercado de la distribuci\u00f3n, mantenimiento y reposici\u00f3n de m\u00e1quinas expendedoras\" \/>\n<meta name=\"robots\" content=\"index, follow, max-snippet:-1, max-image-preview:large, max-video-preview:-1\" \/>\n<link rel=\"canonical\" href=\"https:\/\/www.grupo-dc.com\/wp\/2022\/08\/herdicasa-cierra-una-feria-de-record-fidma\/\" \/>\n<meta property=\"og:locale\" content=\"es_ES\" \/>\n<meta property=\"og:type\" content=\"article\" \/>\n<meta property=\"og:title\" content=\"Herdicasa cierra una feria de r\u00e9cord | Grupo DC\" \/>\n<meta property=\"og:description\" content=\"Herdicasa cierra su stand en la 65\u00ba edici\u00f3n de la Feria Internacional de Muestras de Asturias reforzando su posici\u00f3n de referencia en el mercado de la distribuci\u00f3n, mantenimiento y reposici\u00f3n de m\u00e1quinas expendedoras\" \/>\n<meta property=\"og:url\" content=\"https:\/\/www.grupo-dc.com\/wp\/2022\/08\/herdicasa-cierra-una-feria-de-record-fidma\/\" \/>\n<meta property=\"og:site_name\" content=\"Grupo DC\" \/>\n<meta property=\"article:published_time\" content=\"2022-08-22T10:43:15+00:00\" \/>\n<meta property=\"article:modified_time\" content=\"2022-08-22T10:50:33+00:00\" \/>\n<meta property=\"og:image\" content=\"https:\/\/www.grupo-dc.com\/wp\/wp-content\/uploads\/2022\/08\/exito-en-fidma-herdicasa.jpg\" \/>\n\t<meta property=\"og:image:width\" content=\"972\" \/>\n\t<meta property=\"og:image:height\" content=\"509\" \/>\n\t<meta property=\"og:image:type\" content=\"image\/jpeg\" \/>\n<meta name=\"author\" content=\"GrupoDC\" \/>\n<meta name=\"twitter:card\" content=\"summary_large_image\" \/>\n<meta name=\"twitter:label1\" content=\"Escrito por\" \/>\n\t<meta name=\"twitter:data1\" content=\"GrupoDC\" \/>\n\t<meta name=\"twitter:label2\" content=\"Tiempo de lectura\" \/>\n\t<meta name=\"twitter:data2\" content=\"2 minutos\" \/>\n<script type=\"application\/ld+json\" class=\"yoast-schema-graph\">{\"@context\":\"https:\\\/\\\/schema.org\",\"@graph\":[{\"@type\":\"Article\",\"@id\":\"https:\\\/\\\/www.grupo-dc.com\\\/wp\\\/2022\\\/08\\\/herdicasa-cierra-una-feria-de-record-fidma\\\/#article\",\"isPartOf\":{\"@id\":\"https:\\\/\\\/www.grupo-dc.com\\\/wp\\\/2022\\\/08\\\/herdicasa-cierra-una-feria-de-record-fidma\\\/\"},\"author\":{\"name\":\"GrupoDC\",\"@id\":\"https:\\\/\\\/www.grupo-dc.com\\\/wp\\\/#\\\/schema\\\/person\\\/26bda553446e20d972053f126c2f7566\"},\"headline\":\"Herdicasa cierra una feria de r\u00e9cord\",\"datePublished\":\"2022-08-22T10:43:15+00:00\",\"dateModified\":\"2022-08-22T10:50:33+00:00\",\"mainEntityOfPage\":{\"@id\":\"https:\\\/\\\/www.grupo-dc.com\\\/wp\\\/2022\\\/08\\\/herdicasa-cierra-una-feria-de-record-fidma\\\/\"},\"wordCount\":192,\"publisher\":{\"@id\":\"https:\\\/\\\/www.grupo-dc.com\\\/wp\\\/#organization\"},\"image\":{\"@id\":\"https:\\\/\\\/www.grupo-dc.com\\\/wp\\\/2022\\\/08\\\/herdicasa-cierra-una-feria-de-record-fidma\\\/#primaryimage\"},\"thumbnailUrl\":\"https:\\\/\\\/www.grupo-dc.com\\\/wp\\\/wp-content\\\/uploads\\\/2022\\\/08\\\/exito-en-fidma-herdicasa.jpg\",\"keywords\":[\"calidad\",\"expendedoras\",\"FERIA ASTURIAS\",\"feria de muestras de asturias\",\"fidma\",\"herdicasa\",\"maquinas expendedoras\",\"promociones\",\"vending\"],\"articleSection\":[\"Herdicasa\",\"Noticias\"],\"inLanguage\":\"es\"},{\"@type\":\"WebPage\",\"@id\":\"https:\\\/\\\/www.grupo-dc.com\\\/wp\\\/2022\\\/08\\\/herdicasa-cierra-una-feria-de-record-fidma\\\/\",\"url\":\"https:\\\/\\\/www.grupo-dc.com\\\/wp\\\/2022\\\/08\\\/herdicasa-cierra-una-feria-de-record-fidma\\\/\",\"name\":\"Herdicasa cierra una feria de r\u00e9cord | Grupo DC\",\"isPartOf\":{\"@id\":\"https:\\\/\\\/www.grupo-dc.com\\\/wp\\\/#website\"},\"primaryImageOfPage\":{\"@id\":\"https:\\\/\\\/www.grupo-dc.com\\\/wp\\\/2022\\\/08\\\/herdicasa-cierra-una-feria-de-record-fidma\\\/#primaryimage\"},\"image\":{\"@id\":\"https:\\\/\\\/www.grupo-dc.com\\\/wp\\\/2022\\\/08\\\/herdicasa-cierra-una-feria-de-record-fidma\\\/#primaryimage\"},\"thumbnailUrl\":\"https:\\\/\\\/www.grupo-dc.com\\\/wp\\\/wp-content\\\/uploads\\\/2022\\\/08\\\/exito-en-fidma-herdicasa.jpg\",\"datePublished\":\"2022-08-22T10:43:15+00:00\",\"dateModified\":\"2022-08-22T10:50:33+00:00\",\"description\":\"Herdicasa cierra su stand en la 65\u00ba edici\u00f3n de la Feria Internacional de Muestras de Asturias reforzando su posici\u00f3n de referencia en el mercado de la distribuci\u00f3n, mantenimiento y reposici\u00f3n de m\u00e1quinas expendedoras\",\"breadcrumb\":{\"@id\":\"https:\\\/\\\/www.grupo-dc.com\\\/wp\\\/2022\\\/08\\\/herdicasa-cierra-una-feria-de-record-fidma\\\/#breadcrumb\"},\"inLanguage\":\"es\",\"potentialAction\":[{\"@type\":\"ReadAction\",\"target\":[\"https:\\\/\\\/www.grupo-dc.com\\\/wp\\\/2022\\\/08\\\/herdicasa-cierra-una-feria-de-record-fidma\\\/\"]}]},{\"@type\":\"ImageObject\",\"inLanguage\":\"es\",\"@id\":\"https:\\\/\\\/www.grupo-dc.com\\\/wp\\\/2022\\\/08\\\/herdicasa-cierra-una-feria-de-record-fidma\\\/#primaryimage\",\"url\":\"https:\\\/\\\/www.grupo-dc.com\\\/wp\\\/wp-content\\\/uploads\\\/2022\\\/08\\\/exito-en-fidma-herdicasa.jpg\",\"contentUrl\":\"https:\\\/\\\/www.grupo-dc.com\\\/wp\\\/wp-content\\\/uploads\\\/2022\\\/08\\\/exito-en-fidma-herdicasa.jpg\",\"width\":972,\"height\":509},{\"@type\":\"BreadcrumbList\",\"@id\":\"https:\\\/\\\/www.grupo-dc.com\\\/wp\\\/2022\\\/08\\\/herdicasa-cierra-una-feria-de-record-fidma\\\/#breadcrumb\",\"itemListElement\":[{\"@type\":\"ListItem\",\"position\":1,\"name\":\"Portada\",\"item\":\"https:\\\/\\\/www.grupo-dc.com\\\/wp\\\/\"},{\"@type\":\"ListItem\",\"position\":2,\"name\":\"Herdicasa cierra una feria de r\u00e9cord\"}]},{\"@type\":\"WebSite\",\"@id\":\"https:\\\/\\\/www.grupo-dc.com\\\/wp\\\/#website\",\"url\":\"https:\\\/\\\/www.grupo-dc.com\\\/wp\\\/\",\"name\":\"Grupo DC\",\"description\":\"Excelencia y competitividad\",\"publisher\":{\"@id\":\"https:\\\/\\\/www.grupo-dc.com\\\/wp\\\/#organization\"},\"potentialAction\":[{\"@type\":\"SearchAction\",\"target\":{\"@type\":\"EntryPoint\",\"urlTemplate\":\"https:\\\/\\\/www.grupo-dc.com\\\/wp\\\/?s={search_term_string}\"},\"query-input\":{\"@type\":\"PropertyValueSpecification\",\"valueRequired\":true,\"valueName\":\"search_term_string\"}}],\"inLanguage\":\"es\"},{\"@type\":\"Organization\",\"@id\":\"https:\\\/\\\/www.grupo-dc.com\\\/wp\\\/#organization\",\"name\":\"Grupo DC\",\"url\":\"https:\\\/\\\/www.grupo-dc.com\\\/wp\\\/\",\"logo\":{\"@type\":\"ImageObject\",\"inLanguage\":\"es\",\"@id\":\"https:\\\/\\\/www.grupo-dc.com\\\/wp\\\/#\\\/schema\\\/logo\\\/image\\\/\",\"url\":\"https:\\\/\\\/www.grupo-dc.com\\\/wp\\\/wp-content\\\/uploads\\\/2021\\\/05\\\/logo-grupo-dc-blanco.svg\",\"contentUrl\":\"https:\\\/\\\/www.grupo-dc.com\\\/wp\\\/wp-content\\\/uploads\\\/2021\\\/05\\\/logo-grupo-dc-blanco.svg\",\"width\":1,\"height\":1,\"caption\":\"Grupo DC\"},\"image\":{\"@id\":\"https:\\\/\\\/www.grupo-dc.com\\\/wp\\\/#\\\/schema\\\/logo\\\/image\\\/\"}},{\"@type\":\"Person\",\"@id\":\"https:\\\/\\\/www.grupo-dc.com\\\/wp\\\/#\\\/schema\\\/person\\\/26bda553446e20d972053f126c2f7566\",\"name\":\"GrupoDC\",\"image\":{\"@type\":\"ImageObject\",\"inLanguage\":\"es\",\"@id\":\"https:\\\/\\\/secure.gravatar.com\\\/avatar\\\/fe85f240ac474c625ee3548c71703ee34d61b7ec8a89b394932d74bb37c814e0?s=96&d=mm&r=g\",\"url\":\"https:\\\/\\\/secure.gravatar.com\\\/avatar\\\/fe85f240ac474c625ee3548c71703ee34d61b7ec8a89b394932d74bb37c814e0?s=96&d=mm&r=g\",\"contentUrl\":\"https:\\\/\\\/secure.gravatar.com\\\/avatar\\\/fe85f240ac474c625ee3548c71703ee34d61b7ec8a89b394932d74bb37c814e0?s=96&d=mm&r=g\",\"caption\":\"GrupoDC\"},\"url\":\"https:\\\/\\\/www.grupo-dc.com\\\/wp\\\/author\\\/grupodc\\\/\"}]}<\/script>\n<!-- \/ Yoast SEO plugin. -->","yoast_head_json":{"title":"Herdicasa cierra una feria de r\u00e9cord | Grupo DC","description":"Herdicasa cierra su stand en la 65\u00ba edici\u00f3n de la Feria Internacional de Muestras de Asturias reforzando su posici\u00f3n de referencia en el mercado de la distribuci\u00f3n, mantenimiento y reposici\u00f3n de m\u00e1quinas expendedoras","robots":{"index":"index","follow":"follow","max-snippet":"max-snippet:-1","max-image-preview":"max-image-preview:large","max-video-preview":"max-video-preview:-1"},"canonical":"https:\/\/www.grupo-dc.com\/wp\/2022\/08\/herdicasa-cierra-una-feria-de-record-fidma\/","og_locale":"es_ES","og_type":"article","og_title":"Herdicasa cierra una feria de r\u00e9cord | Grupo DC","og_description":"Herdicasa cierra su stand en la 65\u00ba edici\u00f3n de la Feria Internacional de Muestras de Asturias reforzando su posici\u00f3n de referencia en el mercado de la distribuci\u00f3n, mantenimiento y reposici\u00f3n de m\u00e1quinas expendedoras","og_url":"https:\/\/www.grupo-dc.com\/wp\/2022\/08\/herdicasa-cierra-una-feria-de-record-fidma\/","og_site_name":"Grupo DC","article_published_time":"2022-08-22T10:43:15+00:00","article_modified_time":"2022-08-22T10:50:33+00:00","og_image":[{"width":972,"height":509,"url":"https:\/\/www.grupo-dc.com\/wp\/wp-content\/uploads\/2022\/08\/exito-en-fidma-herdicasa.jpg","type":"image\/jpeg"}],"author":"GrupoDC","twitter_card":"summary_large_image","twitter_misc":{"Escrito por":"GrupoDC","Tiempo de lectura":"2 minutos"},"schema":{"@context":"https:\/\/schema.org","@graph":[{"@type":"Article","@id":"https:\/\/www.grupo-dc.com\/wp\/2022\/08\/herdicasa-cierra-una-feria-de-record-fidma\/#article","isPartOf":{"@id":"https:\/\/www.grupo-dc.com\/wp\/2022\/08\/herdicasa-cierra-una-feria-de-record-fidma\/"},"author":{"name":"GrupoDC","@id":"https:\/\/www.grupo-dc.com\/wp\/#\/schema\/person\/26bda553446e20d972053f126c2f7566"},"headline":"Herdicasa cierra una feria de r\u00e9cord","datePublished":"2022-08-22T10:43:15+00:00","dateModified":"2022-08-22T10:50:33+00:00","mainEntityOfPage":{"@id":"https:\/\/www.grupo-dc.com\/wp\/2022\/08\/herdicasa-cierra-una-feria-de-record-fidma\/"},"wordCount":192,"publisher":{"@id":"https:\/\/www.grupo-dc.com\/wp\/#organization"},"image":{"@id":"https:\/\/www.grupo-dc.com\/wp\/2022\/08\/herdicasa-cierra-una-feria-de-record-fidma\/#primaryimage"},"thumbnailUrl":"https:\/\/www.grupo-dc.com\/wp\/wp-content\/uploads\/2022\/08\/exito-en-fidma-herdicasa.jpg","keywords":["calidad","expendedoras","FERIA ASTURIAS","feria de muestras de asturias","fidma","herdicasa","maquinas expendedoras","promociones","vending"],"articleSection":["Herdicasa","Noticias"],"inLanguage":"es"},{"@type":"WebPage","@id":"https:\/\/www.grupo-dc.com\/wp\/2022\/08\/herdicasa-cierra-una-feria-de-record-fidma\/","url":"https:\/\/www.grupo-dc.com\/wp\/2022\/08\/herdicasa-cierra-una-feria-de-record-fidma\/","name":"Herdicasa cierra una feria de r\u00e9cord | Grupo DC","isPartOf":{"@id":"https:\/\/www.grupo-dc.com\/wp\/#website"},"primaryImageOfPage":{"@id":"https:\/\/www.grupo-dc.com\/wp\/2022\/08\/herdicasa-cierra-una-feria-de-record-fidma\/#primaryimage"},"image":{"@id":"https:\/\/www.grupo-dc.com\/wp\/2022\/08\/herdicasa-cierra-una-feria-de-record-fidma\/#primaryimage"},"thumbnailUrl":"https:\/\/www.grupo-dc.com\/wp\/wp-content\/uploads\/2022\/08\/exito-en-fidma-herdicasa.jpg","datePublished":"2022-08-22T10:43:15+00:00","dateModified":"2022-08-22T10:50:33+00:00","description":"Herdicasa cierra su stand en la 65\u00ba edici\u00f3n de la Feria Internacional de Muestras de Asturias reforzando su posici\u00f3n de referencia en el mercado de la distribuci\u00f3n, mantenimiento y reposici\u00f3n de m\u00e1quinas expendedoras","breadcrumb":{"@id":"https:\/\/www.grupo-dc.com\/wp\/2022\/08\/herdicasa-cierra-una-feria-de-record-fidma\/#breadcrumb"},"inLanguage":"es","potentialAction":[{"@type":"ReadAction","target":["https:\/\/www.grupo-dc.com\/wp\/2022\/08\/herdicasa-cierra-una-feria-de-record-fidma\/"]}]},{"@type":"ImageObject","inLanguage":"es","@id":"https:\/\/www.grupo-dc.com\/wp\/2022\/08\/herdicasa-cierra-una-feria-de-record-fidma\/#primaryimage","url":"https:\/\/www.grupo-dc.com\/wp\/wp-content\/uploads\/2022\/08\/exito-en-fidma-herdicasa.jpg","contentUrl":"https:\/\/www.grupo-dc.com\/wp\/wp-content\/uploads\/2022\/08\/exito-en-fidma-herdicasa.jpg","width":972,"height":509},{"@type":"BreadcrumbList","@id":"https:\/\/www.grupo-dc.com\/wp\/2022\/08\/herdicasa-cierra-una-feria-de-record-fidma\/#breadcrumb","itemListElement":[{"@type":"ListItem","position":1,"name":"Portada","item":"https:\/\/www.grupo-dc.com\/wp\/"},{"@type":"ListItem","position":2,"name":"Herdicasa cierra una feria de r\u00e9cord"}]},{"@type":"WebSite","@id":"https:\/\/www.grupo-dc.com\/wp\/#website","url":"https:\/\/www.grupo-dc.com\/wp\/","name":"Grupo DC","description":"Excelencia y competitividad","publisher":{"@id":"https:\/\/www.grupo-dc.com\/wp\/#organization"},"potentialAction":[{"@type":"SearchAction","target":{"@type":"EntryPoint","urlTemplate":"https:\/\/www.grupo-dc.com\/wp\/?s={search_term_string}"},"query-input":{"@type":"PropertyValueSpecification","valueRequired":true,"valueName":"search_term_string"}}],"inLanguage":"es"},{"@type":"Organization","@id":"https:\/\/www.grupo-dc.com\/wp\/#organization","name":"Grupo DC","url":"https:\/\/www.grupo-dc.com\/wp\/","logo":{"@type":"ImageObject","inLanguage":"es","@id":"https:\/\/www.grupo-dc.com\/wp\/#\/schema\/logo\/image\/","url":"https:\/\/www.grupo-dc.com\/wp\/wp-content\/uploads\/2021\/05\/logo-grupo-dc-blanco.svg","contentUrl":"https:\/\/www.grupo-dc.com\/wp\/wp-content\/uploads\/2021\/05\/logo-grupo-dc-blanco.svg","width":1,"height":1,"caption":"Grupo DC"},"image":{"@id":"https:\/\/www.grupo-dc.com\/wp\/#\/schema\/logo\/image\/"}},{"@type":"Person","@id":"https:\/\/www.grupo-dc.com\/wp\/#\/schema\/person\/26bda553446e20d972053f126c2f7566","name":"GrupoDC","image":{"@type":"ImageObject","inLanguage":"es","@id":"https:\/\/secure.gravatar.com\/avatar\/fe85f240ac474c625ee3548c71703ee34d61b7ec8a89b394932d74bb37c814e0?s=96&d=mm&r=g","url":"https:\/\/secure.gravatar.com\/avatar\/fe85f240ac474c625ee3548c71703ee34d61b7ec8a89b394932d74bb37c814e0?s=96&d=mm&r=g","contentUrl":"https:\/\/secure.gravatar.com\/avatar\/fe85f240ac474c625ee3548c71703ee34d61b7ec8a89b394932d74bb37c814e0?s=96&d=mm&r=g","caption":"GrupoDC"},"url":"https:\/\/www.grupo-dc.com\/wp\/author\/grupodc\/"}]}},"_links":{"self":[{"href":"https:\/\/www.grupo-dc.com\/wp\/wp-json\/wp\/v2\/posts\/3724","targetHints":{"allow":["GET"]}}],"collection":[{"href":"https:\/\/www.grupo-dc.com\/wp\/wp-json\/wp\/v2\/posts"}],"about":[{"href":"https:\/\/www.grupo-dc.com\/wp\/wp-json\/wp\/v2\/types\/post"}],"author":[{"embeddable":true,"href":"https:\/\/www.grupo-dc.com\/wp\/wp-json\/wp\/v2\/users\/3"}],"replies":[{"embeddable":true,"href":"https:\/\/www.grupo-dc.com\/wp\/wp-json\/wp\/v2\/comments?post=3724"}],"version-history":[{"count":10,"href":"https:\/\/www.grupo-dc.com\/wp\/wp-json\/wp\/v2\/posts\/3724\/revisions"}],"predecessor-version":[{"id":3738,"href":"https:\/\/www.grupo-dc.com\/wp\/wp-json\/wp\/v2\/posts\/3724\/revisions\/3738"}],"wp:featuredmedia":[{"embeddable":true,"href":"https:\/\/www.grupo-dc.com\/wp\/wp-json\/wp\/v2\/media\/3729"}],"wp:attachment":[{"href":"https:\/\/www.grupo-dc.com\/wp\/wp-json\/wp\/v2\/media?parent=3724"}],"wp:term":[{"taxonomy":"category","embeddable":true,"href":"https:\/\/www.grupo-dc.com\/wp\/wp-json\/wp\/v2\/categories?post=3724"},{"taxonomy":"post_tag","embeddable":true,"href":"https:\/\/www.grupo-dc.com\/wp\/wp-json\/wp\/v2\/tags?post=3724"}],"curies":[{"name":"wp","href":"https:\/\/api.w.org\/{rel}","templated":true}]}}